{"id":3843,"date":"2024-08-04T07:03:48","date_gmt":"2024-08-04T07:03:48","guid":{"rendered":"https:\/\/www.vergevingsgezindheid.com\/unkategorisiert\/ein-nachhaltiges-klima-auch-bei-ihnen\/"},"modified":"2024-08-10T19:27:53","modified_gmt":"2024-08-10T19:27:53","slug":"ein-nachhaltiges-klima-auch-in-uns-selbst","status":"publish","type":"post","link":"https:\/\/www.vergevingsgezindheid.com\/de\/blog-de\/ein-nachhaltiges-klima-auch-in-uns-selbst\/","title":{"rendered":"Ein nachhaltiges Klima, auch in uns selbst"},"content":{"rendered":"<section class=\"l-section wpb_row height_medium color_alternate\"><div class=\"l-section-h i-cf\"><div class=\"g-cols vc_row via_flex valign_top type_default stacking_default\"><div class=\"vc_col-sm-8 wpb_column vc_column_container\"><div class=\"vc_column-inner\"><div class=\"wpb_wrapper\"><div class=\"g-cols wpb_row via_flex valign_top type_default stacking_default\"><div class=\"vc_col-sm-12 wpb_column vc_column_container\"><div class=\"vc_column-inner\"><div class=\"wpb_wrapper\"><h2 class=\"w-post-elm post_title us_custom_470cedc9 has_text_color align_left entry-title color_link_inherit\">Ein nachhaltiges Klima, auch in uns selbst<\/h2><\/div><\/div><\/div><\/div><div class=\"g-cols wpb_row via_flex valign_top type_default stacking_default\"><div class=\"vc_col-sm-12 wpb_column vc_column_container\"><div class=\"vc_column-inner us_custom_b2452879\"><div class=\"wpb_wrapper\"><div class=\"wpb_text_column\"><div class=\"wpb_wrapper\"><p><span style=\"color: #c40e0e;\"><em>Ein Blogartikel von Frits Koster<\/em><\/span><\/p>\n<p>Die drastischen Klimaver\u00e4nderungen sind un\u00fcbersehbar. \u00dcberall auf der Welt sind Ver\u00e4nderungen zu beobachten. Insgesamt sieht die Zukunft f\u00fcr Menschen, Pflanzen und Tiere nicht gut aus. Wir m\u00fcssen uns \u00e4ndern. Aus Sorge um k\u00fcnftige Generationen k\u00f6nnen wir uns auf verschiedene Weise f\u00fcr ein besseres Klima einsetzen. Ich habe gro\u00dfen Respekt vor den Menschen, die zum Beispiel bei Greenpeace oder anderen gemeinn\u00fctzigen Organisationen arbeiten oder mit Extinction Rebellion protestieren und Aktionen f\u00fcr Nachhaltigkeit und ein besseres Klima auf die Beine stellen.<\/p>\n<p><img loading=\"lazy\" decoding=\"async\" class=\"size-full wp-image-3809 alignleft\" src=\"https:\/\/www.vergevingsgezindheid.com\/wp-content\/uploads\/2024\/08\/IJsbeer.jpg\" alt=\"\" width=\"160\" height=\"230\" \/>Unsere Nachbarin ist einen anderen Weg gegangen. Sie hat vor einigen Jahren den Arbeitsbereich komplett umgekrempelt und sich in der \u00f6kologischen Landwirtschaft und im Gartenbau weitergebildet und eingearbeitet. Aus Liebe zur Natur und aus Sorge um die Zukunft unseres Planeten und die immer gr\u00f6\u00dfer werdende Kluft zwischen Mensch und Natur hat sie in diesem Fr\u00fchjahr zusammen mit einer Freundin eine neue Initiative gestartet. Sie hat einen \u2018Selbsterntegarten\u2019 angelegt, der unter dem Motto steht: &#8218;Von uns angebaut, von dir geerntet. Lecker, unterhaltsam und lehrreich.&#8216;<\/p>\n<p>Andere &#8211; wie wir &#8211; tun dies, indem sie Projekte wie das oben genannte unterst\u00fctzen und vor allem, indem sie untersuchen, wie sie ihren \u00f6kologischen Fu\u00dfabdruck verkleinern k\u00f6nnen. Wir haben zum Beispiel angefangen, weniger zu fliegen und versuchen, \u00f6fter mit dem Zug zu fahren. Auf diese Weise kann jeder und jede einen mehr oder weniger gro\u00dfen Beitrag leisten, als Akt der Gro\u00dfz\u00fcgigkeit gegen\u00fcber den heutigen und zuk\u00fcnftigen Generationen.<\/p>\n<p>Aber wie gehen wir mit unserem inneren Klima um? Wie gehen wir mit uns selbst um, wenn wir einen Fehler gemacht oder eine Dummheit begangen haben? Wie gehen wir mit jemandem um, dem gegen\u00fcber wir versagt haben und uns schuldig oder besch\u00e4mt f\u00fchlen? Wie gehen wir (innerlich) mit jemandem um, der oder die uns verletzt hat oder ganz andere \u00dcberzeugungen vertritt?<\/p>\n<p>Joyce Cordus und ich haben Ende 2022 mit der Entwicklung des Mindfulness-Based Training in Forgiveness (MBTF) begonnen. Es ist ein Training f\u00fcr alle, die bereits mit der Praxis der Achtsamkeit vertraut sind und sich nach einem Leben mit mehr Raum, Respekt und Vergebung in ihrer Beziehung zu sich selbst, zu anderen und zur Welt um sie herum sehnen. Vergebung ist eine der 24 Kernqualit\u00e4ten der zeitgen\u00f6ssischen positiven Psychologie und hat in verschiedenen Studien gezeigt, dass sie eindeutig zu Gesundheit und Wohlbefinden beitr\u00e4gt.<\/p>\n<p>Auf unserer Website <a href=\"https:\/\/www.vergevingsgezindheid.com\/de\">www.traininginforgiveness.com<\/a> finden Sie weitere Informationen und verschiedene Aktivit\u00e4ten, vor Ort und Online. Unter dem Motto: \u201aEin nachhaltiges Klima, auch in uns selbst\u2018.<\/p>\n<p><em>&#8211; Frits Koster, August 2024<\/em><\/p>\n<\/div><\/div><\/div><\/div><\/div><\/div><\/div><\/div><\/div><div class=\"vc_col-sm-4 wpb_column vc_column_container\"><div class=\"vc_column-inner\"><div class=\"wpb_wrapper\"><div class=\"g-cols wpb_row via_flex valign_top type_default stacking_default\"><div class=\"vc_col-sm-12 wpb_column vc_column_container\"><div class=\"vc_column-inner\"><div class=\"wpb_wrapper\"><div class=\"w-image us_custom_78343eba align_center\"><div class=\"w-image-h\"><img decoding=\"async\" width=\"444\" height=\"500\" src=\"https:\/\/www.vergevingsgezindheid.com\/wp-content\/uploads\/2023\/07\/Lezende-olifant-5-scaled.jpg\" class=\"attachment-full size-full\" alt=\"\" loading=\"lazy\" srcset=\"https:\/\/www.vergevingsgezindheid.com\/wp-content\/uploads\/2023\/07\/Lezende-olifant-5-scaled.jpg 444w, https:\/\/www.vergevingsgezindheid.com\/wp-content\/uploads\/2023\/07\/Lezende-olifant-5-266x300.jpg 266w, https:\/\/www.vergevingsgezindheid.com\/wp-content\/uploads\/2023\/07\/Lezende-olifant-5-909x1024.jpg 909w\" sizes=\"auto, (max-width: 444px) 100vw, 444px\" \/><\/div><\/div><\/div><\/div><\/div><\/div><\/div><\/div><\/div><\/div><\/div><\/section><section class=\"l-section wpb_row hide_on_default hide_on_laptops hide_on_tablets height_medium\"><div class=\"l-section-h i-cf\"><div class=\"g-cols vc_row via_flex valign_top type_default stacking_default\"><div class=\"vc_col-sm-12 wpb_column vc_column_container\"><div class=\"vc_column-inner\"><div class=\"wpb_wrapper\"><\/div><\/div><\/div><\/div><\/div><\/section>\n","protected":false},"excerpt":{"rendered":"Ein nachhaltiges Klima, auch in uns selbstEin Blogartikel von Frits Koster Die drastischen Klimaver\u00e4nderungen sind un\u00fcbersehbar. \u00dcberall auf der Welt sind Ver\u00e4nderungen zu beobachten. Insgesamt sieht die Zukunft f\u00fcr Menschen, Pflanzen und Tiere nicht gut aus. Wir m\u00fcssen uns \u00e4ndern. Aus Sorge um k\u00fcnftige Generationen k\u00f6nnen wir uns auf verschiedene Weise f\u00fcr ein besseres Klima...","protected":false},"author":1,"featured_media":3809,"comment_status":"closed","ping_status":"closed","sticky":false,"template":"","format":"standard","meta":{"footnotes":""},"categories":[55],"tags":[],"class_list":["post-3843","post","type-post","status-publish","format-standard","has-post-thumbnail","hentry","category-blog-de"],"_links":{"self":[{"href":"https:\/\/www.vergevingsgezindheid.com\/de\/wp-json\/wp\/v2\/posts\/3843","targetHints":{"allow":["GET"]}}],"collection":[{"href":"https:\/\/www.vergevingsgezindheid.com\/de\/wp-json\/wp\/v2\/posts"}],"about":[{"href":"https:\/\/www.vergevingsgezindheid.com\/de\/wp-json\/wp\/v2\/types\/post"}],"author":[{"embeddable":true,"href":"https:\/\/www.vergevingsgezindheid.com\/de\/wp-json\/wp\/v2\/users\/1"}],"replies":[{"embeddable":true,"href":"https:\/\/www.vergevingsgezindheid.com\/de\/wp-json\/wp\/v2\/comments?post=3843"}],"version-history":[{"count":10,"href":"https:\/\/www.vergevingsgezindheid.com\/de\/wp-json\/wp\/v2\/posts\/3843\/revisions"}],"predecessor-version":[{"id":4067,"href":"https:\/\/www.vergevingsgezindheid.com\/de\/wp-json\/wp\/v2\/posts\/3843\/revisions\/4067"}],"wp:featuredmedia":[{"embeddable":true,"href":"https:\/\/www.vergevingsgezindheid.com\/de\/wp-json\/wp\/v2\/media\/3809"}],"wp:attachment":[{"href":"https:\/\/www.vergevingsgezindheid.com\/de\/wp-json\/wp\/v2\/media?parent=3843"}],"wp:term":[{"taxonomy":"category","embeddable":true,"href":"https:\/\/www.vergevingsgezindheid.com\/de\/wp-json\/wp\/v2\/categories?post=3843"},{"taxonomy":"post_tag","embeddable":true,"href":"https:\/\/www.vergevingsgezindheid.com\/de\/wp-json\/wp\/v2\/tags?post=3843"}],"curies":[{"name":"wp","href":"https:\/\/api.w.org\/{rel}","templated":true}]}}