{"id":2751,"date":"2024-04-15T11:38:43","date_gmt":"2024-04-15T11:38:43","guid":{"rendered":"https:\/\/www.vergevingsgezindheid.com\/unkategorisiert\/freundschaft-und-vergebung\/"},"modified":"2024-08-10T19:29:34","modified_gmt":"2024-08-10T19:29:34","slug":"freundschaft-und-vergebung","status":"publish","type":"post","link":"https:\/\/www.vergevingsgezindheid.com\/de\/blog-de\/freundschaft-und-vergebung\/","title":{"rendered":"Freundschaft und Vergebung"},"content":{"rendered":"<section class=\"l-section wpb_row height_medium color_alternate\"><div class=\"l-section-h i-cf\"><div class=\"g-cols vc_row via_flex valign_top type_default stacking_default\"><div class=\"vc_col-sm-8 wpb_column vc_column_container\"><div class=\"vc_column-inner\"><div class=\"wpb_wrapper\"><div class=\"g-cols wpb_row via_flex valign_top type_default stacking_default\"><div class=\"vc_col-sm-12 wpb_column vc_column_container\"><div class=\"vc_column-inner\"><div class=\"wpb_wrapper\"><h2 class=\"w-post-elm post_title us_custom_470cedc9 has_text_color align_left entry-title color_link_inherit\">Freundschaft und Vergebung<\/h2><\/div><\/div><\/div><\/div><div class=\"g-cols wpb_row via_flex valign_top type_default stacking_default\"><div class=\"vc_col-sm-12 wpb_column vc_column_container\"><div class=\"vc_column-inner us_custom_b2452879\"><div class=\"wpb_wrapper\"><div class=\"wpb_text_column\"><div class=\"wpb_wrapper\"><p><span style=\"color: #c40e0e;\"><em>Ein Blogartikel von Joyce Cordus<\/em><\/span><\/p>\n<p>Diese Woche habe ich eine liebe Nachricht von einer Freundin erhalten. Das hat mich sehr gl\u00fccklich gemacht, denn unsere Freundschaft ist gerade in eine neue Phase eingetreten.<\/p>\n<p>Wir haben uns vor langer Zeit kennengelernt, in der Bl\u00fcte unseres Lebens. Wir waren Kolleginnen. Es entwickelte sich eine Freundschaft. Wir haben uns regelm\u00e4\u00dfig gesehen. Nicht nur bei der Arbeit, sondern auch dar\u00fcber hinaus. Selbst sp\u00e4ter, als wir beide unterschiedliche Wege einschlugen, blieb unsere Freundschaft bestehen. Wir verbrachten die Ferien zusammen, konnten stundenlang zusammen drau\u00dfen im Caf\u00e9 sitzen und \u00fcber alles M\u00f6gliche reden: ein gutes Buch, die Arbeit, den Zustand der Welt, das Auf und Ab mit unseren Kindern oder unseren Liebsten\u2026 Damals hatten wir immer eine Meinung zu irgendetwas.<\/p>\n<p>Bis zu unserer ersten richtigen Fernreise in ein f\u00fcr uns beide fremdes Land. Dort passierte etwas, das eine langj\u00e4hrige Freundschaft zu beenden schien. Vielleicht lag es daran, dass wir durch ein Land mit einer wirklich v\u00f6llig anderen Kultur reisten, mit der wir uns beide schwertaten. Wir hatten beide mit den gemischten Gef\u00fchlen zu k\u00e4mpfen, die das fremde Land und die noch fremdere Kultur mit sich brachten. Ich jedenfalls f\u00fchlte mich sehr unwohl. Wie kann ein Land mit einer so sch\u00f6nen und reichen Kulturgeschichte so intolerant gegen\u00fcber seinem eigenen Volk sein? Sowohl gegen\u00fcber Frauen als auch gegen\u00fcber M\u00e4nnern. Das hat mich in Bezug auf mich selbst und meine Ansichten verunsichert, aber seltsamerweise auch in Bezug auf meine Reisegef\u00e4hrtin.<br \/>\nJedes Gruppenmitglied hatte eigene Vorstellungen von Land, Leuten, kulturellen \u201aEigenheiten\u2018 und dem Umgang damit. Mit den anderen Gruppenmitgliedern dar\u00fcber zu sprechen, schien unm\u00f6glich. Nicht einmal mit einem meiner besten Freunde. Jedenfalls passierte das aus irgendeinem Grund nicht. Alle blieben gem\u00fctlich und unbequem in ihrer eigenen Blase. Auch ich. Das f\u00fchrte schlie\u00dflich zu einem gro\u00dfen Streit und einer Entfremdung zwischen meiner Freundin und mir. Ohne uns zu verabschieden, schienen wir unsichtbar und lautlos aus dem Leben der anderen zu verschwinden.<\/p>\n<p><img loading=\"lazy\" decoding=\"async\" class=\"size-medium wp-image-3369 alignleft\" src=\"https:\/\/www.vergevingsgezindheid.com\/wp-content\/uploads\/2024\/04\/Tekening-Willemien-van-Gurp-2-1-300x300.jpg\" alt=\"\" width=\"300\" height=\"300\" srcset=\"https:\/\/www.vergevingsgezindheid.com\/wp-content\/uploads\/2024\/04\/Tekening-Willemien-van-Gurp-2-1-300x300.jpg 300w, https:\/\/www.vergevingsgezindheid.com\/wp-content\/uploads\/2024\/04\/Tekening-Willemien-van-Gurp-2-1-1024x1020.jpg 1024w, https:\/\/www.vergevingsgezindheid.com\/wp-content\/uploads\/2024\/04\/Tekening-Willemien-van-Gurp-2-1-150x150.jpg 150w, https:\/\/www.vergevingsgezindheid.com\/wp-content\/uploads\/2024\/04\/Tekening-Willemien-van-Gurp-2-1-scaled.jpg 500w\" sizes=\"auto, (max-width: 300px) 100vw, 300px\" \/>Bis ich sechs Jahre sp\u00e4ter pl\u00f6tzlich das starke Bed\u00fcrfnis versp\u00fcrte, wieder Kontakt zu ihr aufzunehmen. Aber ich f\u00fchlte mich nicht wohl dabei. Ich wollte genau wissen, was damals zwischen uns passiert war, und ich vermisste unsere Freundschaft. Da ich wusste, dass sie das vielleicht ganz anders sehen w\u00fcrde, schickte ich ihr eine Nachricht, ohne zu wissen, ob sie noch dieselbe Nummer hatte. Erst einen Monat sp\u00e4ter erhielt ich eine Antwort. Ich hatte schon fast aufgegeben.<\/p>\n<p>Lange Rede, kurzer Sinn: Wir haben uns verabredet. Der Termin lief nicht ganz glatt, aber wir waren beide froh, uns wiederzusehen und miteinander zu reden. Wir haben beide unsere Geschichte erz\u00e4hlt, was passiert ist. Aber wir haben uns auch gegenseitig die Frage gestellt: Wie konnte das passieren? Es war ein schwieriges, aber offenes Gespr\u00e4ch. Daraus entnahm ich, dass wir beide zu dieser Zeit in unserer eigenen \u201aSorgenblase\u2018 gefangen waren. Ich hatte erst wenige Monate vor der Reise aufgeh\u00f6rt zu arbeiten, war umgezogen und musste mich neu erfinden. Auch sie war in einer solchen Situation. Und anstatt dar\u00fcber zu sprechen, habe ich alles f\u00fcr mich behalten, all diese negativen Gef\u00fchle und Selbstvorw\u00fcrfe\u2026 Meine Freundin hat im Grunde dasselbe getan. Ich erkannte die Ohnmacht, die wir als Menschen empfinden k\u00f6nnen, den Schmerz und die Trauer. Geteilte Menschlichkeit. Es war f\u00fcr uns beide eine gro\u00dfe Erleichterung, unsere Geschichte erz\u00e4hlen zu k\u00f6nnen. Das hat den Weg zur Vergebung geebnet.<\/p>\n<p>Erst jetzt, zwei Jahre sp\u00e4ter, wird mir bewusst, wie wertvoll es war, diesen Prozess durchlaufen zu haben. Ihre letzte Nachricht best\u00e4tigt, dass wir beide das Richtige getan haben. Wir konnten einander verzeihen und dort weitermachen, wo wir aufgeh\u00f6rt hatten. Zugegebenerma\u00dfen anders als vorher, aber alles ver\u00e4ndert sich, auch ein Ph\u00e4nomen wie Freundschaft. Faszinierend, eigentlich &#8230;<\/p>\n<p>Diese Erfahrung zeigt, dass Vergebung nicht immer einfach ist und ein langwieriger Prozess sein kann. Wenn wir aber sp\u00fcren, dass wir in Wut, Groll, Reue oder anderen negativen Gef\u00fchlen gefangen sind, kann es durchaus hilfreich sein, sich auf den Prozess einzulassen. Das erfordert allerdings Mut. Aber eine echte und wertvolle Freundschaft ist es allemal wert.<\/p>\n<p><em>Blog: Joyce Cordus, April 2024<br \/>\nZeichnung: Willemien van Gurp<br \/>\n<\/em><\/p>\n<\/div><\/div><\/div><\/div><\/div><\/div><\/div><\/div><\/div><div class=\"vc_col-sm-4 wpb_column vc_column_container\"><div class=\"vc_column-inner\"><div class=\"wpb_wrapper\"><div class=\"g-cols wpb_row via_flex valign_top type_default stacking_default\"><div class=\"vc_col-sm-12 wpb_column vc_column_container\"><div class=\"vc_column-inner\"><div class=\"wpb_wrapper\"><div class=\"w-image us_custom_78343eba align_center\"><div class=\"w-image-h\"><img decoding=\"async\" width=\"444\" height=\"500\" src=\"https:\/\/www.vergevingsgezindheid.com\/wp-content\/uploads\/2023\/07\/Lezende-olifant-5-scaled.jpg\" class=\"attachment-full size-full\" alt=\"\" loading=\"lazy\" srcset=\"https:\/\/www.vergevingsgezindheid.com\/wp-content\/uploads\/2023\/07\/Lezende-olifant-5-scaled.jpg 444w, https:\/\/www.vergevingsgezindheid.com\/wp-content\/uploads\/2023\/07\/Lezende-olifant-5-266x300.jpg 266w, https:\/\/www.vergevingsgezindheid.com\/wp-content\/uploads\/2023\/07\/Lezende-olifant-5-909x1024.jpg 909w\" sizes=\"auto, (max-width: 444px) 100vw, 444px\" \/><\/div><\/div><\/div><\/div><\/div><\/div><\/div><\/div><\/div><\/div><\/div><\/section><section class=\"l-section wpb_row hide_on_default hide_on_laptops hide_on_tablets height_medium\"><div class=\"l-section-h i-cf\"><div class=\"g-cols vc_row via_flex valign_top type_default stacking_default\"><div class=\"vc_col-sm-12 wpb_column vc_column_container\"><div class=\"vc_column-inner\"><div class=\"wpb_wrapper\"><\/div><\/div><\/div><\/div><\/div><\/section>\n","protected":false},"excerpt":{"rendered":"Freundschaft und VergebungEin Blogartikel von Joyce Cordus Diese Woche habe ich eine liebe Nachricht von einer Freundin erhalten. Das hat mich sehr gl\u00fccklich gemacht, denn unsere Freundschaft ist gerade in eine neue Phase eingetreten. Wir haben uns vor langer Zeit kennengelernt, in der Bl\u00fcte unseres Lebens. Wir waren Kolleginnen. Es entwickelte sich eine Freundschaft. Wir...","protected":false},"author":1,"featured_media":2755,"comment_status":"closed","ping_status":"closed","sticky":false,"template":"","format":"standard","meta":{"footnotes":""},"categories":[55],"tags":[],"class_list":["post-2751","post","type-post","status-publish","format-standard","has-post-thumbnail","hentry","category-blog-de"],"_links":{"self":[{"href":"https:\/\/www.vergevingsgezindheid.com\/de\/wp-json\/wp\/v2\/posts\/2751","targetHints":{"allow":["GET"]}}],"collection":[{"href":"https:\/\/www.vergevingsgezindheid.com\/de\/wp-json\/wp\/v2\/posts"}],"about":[{"href":"https:\/\/www.vergevingsgezindheid.com\/de\/wp-json\/wp\/v2\/types\/post"}],"author":[{"embeddable":true,"href":"https:\/\/www.vergevingsgezindheid.com\/de\/wp-json\/wp\/v2\/users\/1"}],"replies":[{"embeddable":true,"href":"https:\/\/www.vergevingsgezindheid.com\/de\/wp-json\/wp\/v2\/comments?post=2751"}],"version-history":[{"count":16,"href":"https:\/\/www.vergevingsgezindheid.com\/de\/wp-json\/wp\/v2\/posts\/2751\/revisions"}],"predecessor-version":[{"id":4071,"href":"https:\/\/www.vergevingsgezindheid.com\/de\/wp-json\/wp\/v2\/posts\/2751\/revisions\/4071"}],"wp:featuredmedia":[{"embeddable":true,"href":"https:\/\/www.vergevingsgezindheid.com\/de\/wp-json\/wp\/v2\/media\/2755"}],"wp:attachment":[{"href":"https:\/\/www.vergevingsgezindheid.com\/de\/wp-json\/wp\/v2\/media?parent=2751"}],"wp:term":[{"taxonomy":"category","embeddable":true,"href":"https:\/\/www.vergevingsgezindheid.com\/de\/wp-json\/wp\/v2\/categories?post=2751"},{"taxonomy":"post_tag","embeddable":true,"href":"https:\/\/www.vergevingsgezindheid.com\/de\/wp-json\/wp\/v2\/tags?post=2751"}],"curies":[{"name":"wp","href":"https:\/\/api.w.org\/{rel}","templated":true}]}}